{"id":765,"date":"2022-03-08T13:19:33","date_gmt":"2022-03-08T13:19:33","guid":{"rendered":"https:\/\/fiuvideo.dk\/?p=765"},"modified":"2022-03-23T13:39:53","modified_gmt":"2022-03-23T13:39:53","slug":"arbejdsmiljoeorganisation-dansk-el-forbund","status":"publish","type":"post","link":"https:\/\/fiuvideo.dk\/?p=765","title":{"rendered":"Arbejdsmilj\u00f8organisation &#8211; Dansk El-Forbund"},"content":{"rendered":"<p>I filmen pr\u00e6senterer Lars S\u00f8rensen Arbejdsmilj\u00f8organisationen (AMO). Han forklarer, hvad AMO er, hvorn\u00e5r I skal neds\u00e6tte et AMO p\u00e5 jeres arbejdsplads, hvem der skal udpeges til at sidder der, og hvad I skal lave. Du bliver ogs\u00e5 pr\u00e6senteret for de to store opgaver i AMO, nemlig den \u00e5rlige dr\u00f8ftelse og APV.<\/p>\n","protected":false},"excerpt":{"rendered":"<p>I filmen pr\u00e6senterer Lars S\u00f8rensen Arbejdsmilj\u00f8organisationen (AMO). Han forklarer, hvad AMO er, hvorn\u00e5r I skal neds\u00e6tte et AMO p\u00e5 jeres arbejdsplads, hvem der skal udpeges til at sidder der, og hvad I skal lave. Du bliver ogs\u00e5 pr\u00e6senteret for de to store opgaver i AMO, nemlig den \u00e5rlige dr\u00f8ftelse og APV.<\/p>\n","protected":false},"author":3,"featured_media":833,"comment_status":"closed","ping_status":"closed","sticky":false,"template":"","format":"standard","meta":{"footnotes":""},"categories":[22],"tags":[],"yoast_head":"<!-- This site is optimized with the Yoast SEO plugin v22.2 - https:\/\/yoast.com\/wordpress\/plugins\/seo\/ -->\n<title>Arbejdsmilj\u00f8organisation - Dansk El-Forbund<\/title>\n<meta name=\"robots\" content=\"index, follow, max-snippet:-1, max-image-preview:large, max-video-preview:-1\" \/>\n<link rel=\"canonical\" href=\"https:\/\/fiuvideo.dk\/?p=765\" \/>\n<meta property=\"og:locale\" content=\"da_DK\" \/>\n<meta property=\"og:type\" content=\"article\" \/>\n<meta property=\"og:title\" content=\"Arbejdsmilj\u00f8organisation - Dansk El-Forbund\" \/>\n<meta property=\"og:description\" content=\"I filmen pr\u00e6senterer Lars S\u00f8rensen Arbejdsmilj\u00f8organisationen (AMO). Han forklarer, hvad AMO er, hvorn\u00e5r I skal neds\u00e6tte et AMO p\u00e5 jeres arbejdsplads, hvem der skal udpeges til at sidder der, og hvad I skal lave. Du bliver ogs\u00e5 pr\u00e6senteret for de to store opgaver i AMO, nemlig den \u00e5rlige dr\u00f8ftelse og APV.\" \/>\n<meta property=\"og:url\" content=\"https:\/\/fiuvideo.dk\/?p=765\" \/>\n<meta property=\"og:site_name\" content=\"FIU Video\" \/>\n<meta property=\"article:published_time\" content=\"2022-03-08T13:19:33+00:00\" \/>\n<meta property=\"article:modified_time\" content=\"2022-03-23T13:39:53+00:00\" \/>\n<meta property=\"og:image\" content=\"https:\/\/fiuvideo.dk\/wp-content\/uploads\/2022\/03\/ARBEJDSMILJOeORGANISATION.jpg\" \/>\n\t<meta property=\"og:image:width\" content=\"602\" \/>\n\t<meta property=\"og:image:height\" content=\"339\" \/>\n\t<meta property=\"og:image:type\" content=\"image\/jpeg\" \/>\n<meta name=\"author\" content=\"Niels Heick\" \/>\n<meta name=\"twitter:label1\" content=\"Skrevet af\" \/>\n\t<meta name=\"twitter:data1\" content=\"Niels Heick\" \/>\n<script type=\"application\/ld+json\" class=\"yoast-schema-graph\">{\"@context\":\"https:\/\/schema.org\",\"@graph\":[{\"@type\":\"WebPage\",\"@id\":\"https:\/\/fiuvideo.dk\/?p=765\",\"url\":\"https:\/\/fiuvideo.dk\/?p=765\",\"name\":\"Arbejdsmilj\u00f8organisation - Dansk El-Forbund\",\"isPartOf\":{\"@id\":\"https:\/\/fiuvideo.dk\/#website\"},\"primaryImageOfPage\":{\"@id\":\"https:\/\/fiuvideo.dk\/?p=765#primaryimage\"},\"image\":{\"@id\":\"https:\/\/fiuvideo.dk\/?p=765#primaryimage\"},\"thumbnailUrl\":\"https:\/\/fiuvideo.dk\/wp-content\/uploads\/2022\/03\/ARBEJDSMILJOeORGANISATION.jpg\",\"datePublished\":\"2022-03-08T13:19:33+00:00\",\"dateModified\":\"2022-03-23T13:39:53+00:00\",\"author\":{\"@id\":\"https:\/\/fiuvideo.dk\/#\/schema\/person\/7f81abf54ff619f2789664d42103cb4c\"},\"breadcrumb\":{\"@id\":\"https:\/\/fiuvideo.dk\/?p=765#breadcrumb\"},\"inLanguage\":\"da-DK\",\"potentialAction\":[{\"@type\":\"ReadAction\",\"target\":[\"https:\/\/fiuvideo.dk\/?p=765\"]}]},{\"@type\":\"ImageObject\",\"inLanguage\":\"da-DK\",\"@id\":\"https:\/\/fiuvideo.dk\/?p=765#primaryimage\",\"url\":\"https:\/\/fiuvideo.dk\/wp-content\/uploads\/2022\/03\/ARBEJDSMILJOeORGANISATION.jpg\",\"contentUrl\":\"https:\/\/fiuvideo.dk\/wp-content\/uploads\/2022\/03\/ARBEJDSMILJOeORGANISATION.jpg\",\"width\":602,\"height\":339},{\"@type\":\"BreadcrumbList\",\"@id\":\"https:\/\/fiuvideo.dk\/?p=765#breadcrumb\",\"itemListElement\":[{\"@type\":\"ListItem\",\"position\":1,\"name\":\"Home\",\"item\":\"https:\/\/fiuvideo.dk\/\"},{\"@type\":\"ListItem\",\"position\":2,\"name\":\"Arbejdsmilj\u00f8organisation &#8211; Dansk El-Forbund\"}]},{\"@type\":\"WebSite\",\"@id\":\"https:\/\/fiuvideo.dk\/#website\",\"url\":\"https:\/\/fiuvideo.dk\/\",\"name\":\"FIU Video\",\"description\":\"\",\"potentialAction\":[{\"@type\":\"SearchAction\",\"target\":{\"@type\":\"EntryPoint\",\"urlTemplate\":\"https:\/\/fiuvideo.dk\/?s={search_term_string}\"},\"query-input\":\"required name=search_term_string\"}],\"inLanguage\":\"da-DK\"},{\"@type\":\"Person\",\"@id\":\"https:\/\/fiuvideo.dk\/#\/schema\/person\/7f81abf54ff619f2789664d42103cb4c\",\"name\":\"Niels Heick\",\"image\":{\"@type\":\"ImageObject\",\"inLanguage\":\"da-DK\",\"@id\":\"https:\/\/fiuvideo.dk\/#\/schema\/person\/image\/\",\"url\":\"https:\/\/secure.gravatar.com\/avatar\/1c0f922d3b91a1d0143b11c6da11c6dd?s=96&d=mm&r=g\",\"contentUrl\":\"https:\/\/secure.gravatar.com\/avatar\/1c0f922d3b91a1d0143b11c6da11c6dd?s=96&d=mm&r=g\",\"caption\":\"Niels Heick\"},\"url\":\"https:\/\/fiuvideo.dk\/?author=3\"}]}<\/script>\n<!-- \/ Yoast SEO plugin. -->","yoast_head_json":{"title":"Arbejdsmilj\u00f8organisation - Dansk El-Forbund","robots":{"index":"index","follow":"follow","max-snippet":"max-snippet:-1","max-image-preview":"max-image-preview:large","max-video-preview":"max-video-preview:-1"},"canonical":"https:\/\/fiuvideo.dk\/?p=765","og_locale":"da_DK","og_type":"article","og_title":"Arbejdsmilj\u00f8organisation - Dansk El-Forbund","og_description":"I filmen pr\u00e6senterer Lars S\u00f8rensen Arbejdsmilj\u00f8organisationen (AMO). Han forklarer, hvad AMO er, hvorn\u00e5r I skal neds\u00e6tte et AMO p\u00e5 jeres arbejdsplads, hvem der skal udpeges til at sidder der, og hvad I skal lave. Du bliver ogs\u00e5 pr\u00e6senteret for de to store opgaver i AMO, nemlig den \u00e5rlige dr\u00f8ftelse og APV.","og_url":"https:\/\/fiuvideo.dk\/?p=765","og_site_name":"FIU Video","article_published_time":"2022-03-08T13:19:33+00:00","article_modified_time":"2022-03-23T13:39:53+00:00","og_image":[{"width":602,"height":339,"url":"https:\/\/fiuvideo.dk\/wp-content\/uploads\/2022\/03\/ARBEJDSMILJOeORGANISATION.jpg","type":"image\/jpeg"}],"author":"Niels Heick","twitter_misc":{"Skrevet af":"Niels Heick"},"schema":{"@context":"https:\/\/schema.org","@graph":[{"@type":"WebPage","@id":"https:\/\/fiuvideo.dk\/?p=765","url":"https:\/\/fiuvideo.dk\/?p=765","name":"Arbejdsmilj\u00f8organisation - Dansk El-Forbund","isPartOf":{"@id":"https:\/\/fiuvideo.dk\/#website"},"primaryImageOfPage":{"@id":"https:\/\/fiuvideo.dk\/?p=765#primaryimage"},"image":{"@id":"https:\/\/fiuvideo.dk\/?p=765#primaryimage"},"thumbnailUrl":"https:\/\/fiuvideo.dk\/wp-content\/uploads\/2022\/03\/ARBEJDSMILJOeORGANISATION.jpg","datePublished":"2022-03-08T13:19:33+00:00","dateModified":"2022-03-23T13:39:53+00:00","author":{"@id":"https:\/\/fiuvideo.dk\/#\/schema\/person\/7f81abf54ff619f2789664d42103cb4c"},"breadcrumb":{"@id":"https:\/\/fiuvideo.dk\/?p=765#breadcrumb"},"inLanguage":"da-DK","potentialAction":[{"@type":"ReadAction","target":["https:\/\/fiuvideo.dk\/?p=765"]}]},{"@type":"ImageObject","inLanguage":"da-DK","@id":"https:\/\/fiuvideo.dk\/?p=765#primaryimage","url":"https:\/\/fiuvideo.dk\/wp-content\/uploads\/2022\/03\/ARBEJDSMILJOeORGANISATION.jpg","contentUrl":"https:\/\/fiuvideo.dk\/wp-content\/uploads\/2022\/03\/ARBEJDSMILJOeORGANISATION.jpg","width":602,"height":339},{"@type":"BreadcrumbList","@id":"https:\/\/fiuvideo.dk\/?p=765#breadcrumb","itemListElement":[{"@type":"ListItem","position":1,"name":"Home","item":"https:\/\/fiuvideo.dk\/"},{"@type":"ListItem","position":2,"name":"Arbejdsmilj\u00f8organisation &#8211; Dansk El-Forbund"}]},{"@type":"WebSite","@id":"https:\/\/fiuvideo.dk\/#website","url":"https:\/\/fiuvideo.dk\/","name":"FIU Video","description":"","potentialAction":[{"@type":"SearchAction","target":{"@type":"EntryPoint","urlTemplate":"https:\/\/fiuvideo.dk\/?s={search_term_string}"},"query-input":"required name=search_term_string"}],"inLanguage":"da-DK"},{"@type":"Person","@id":"https:\/\/fiuvideo.dk\/#\/schema\/person\/7f81abf54ff619f2789664d42103cb4c","name":"Niels Heick","image":{"@type":"ImageObject","inLanguage":"da-DK","@id":"https:\/\/fiuvideo.dk\/#\/schema\/person\/image\/","url":"https:\/\/secure.gravatar.com\/avatar\/1c0f922d3b91a1d0143b11c6da11c6dd?s=96&d=mm&r=g","contentUrl":"https:\/\/secure.gravatar.com\/avatar\/1c0f922d3b91a1d0143b11c6da11c6dd?s=96&d=mm&r=g","caption":"Niels Heick"},"url":"https:\/\/fiuvideo.dk\/?author=3"}]}},"_links":{"self":[{"href":"https:\/\/fiuvideo.dk\/index.php?rest_route=\/wp\/v2\/posts\/765"}],"collection":[{"href":"https:\/\/fiuvideo.dk\/index.php?rest_route=\/wp\/v2\/posts"}],"about":[{"href":"https:\/\/fiuvideo.dk\/index.php?rest_route=\/wp\/v2\/types\/post"}],"author":[{"embeddable":true,"href":"https:\/\/fiuvideo.dk\/index.php?rest_route=\/wp\/v2\/users\/3"}],"replies":[{"embeddable":true,"href":"https:\/\/fiuvideo.dk\/index.php?rest_route=%2Fwp%2Fv2%2Fcomments&post=765"}],"version-history":[{"count":1,"href":"https:\/\/fiuvideo.dk\/index.php?rest_route=\/wp\/v2\/posts\/765\/revisions"}],"predecessor-version":[{"id":766,"href":"https:\/\/fiuvideo.dk\/index.php?rest_route=\/wp\/v2\/posts\/765\/revisions\/766"}],"wp:featuredmedia":[{"embeddable":true,"href":"https:\/\/fiuvideo.dk\/index.php?rest_route=\/wp\/v2\/media\/833"}],"wp:attachment":[{"href":"https:\/\/fiuvideo.dk\/index.php?rest_route=%2Fwp%2Fv2%2Fmedia&parent=765"}],"wp:term":[{"taxonomy":"category","embeddable":true,"href":"https:\/\/fiuvideo.dk\/index.php?rest_route=%2Fwp%2Fv2%2Fcategories&post=765"},{"taxonomy":"post_tag","embeddable":true,"href":"https:\/\/fiuvideo.dk\/index.php?rest_route=%2Fwp%2Fv2%2Ftags&post=765"}],"curies":[{"name":"wp","href":"https:\/\/api.w.org\/{rel}","templated":true}]}}