{"id":91,"date":"2014-03-11T23:59:23","date_gmt":"2014-03-11T23:59:23","guid":{"rendered":"http:\/\/fiu-video.exigences.biz\/?p=91"},"modified":"2014-04-08T07:15:59","modified_gmt":"2014-04-08T07:15:59","slug":"jobrotation-indenfor-lager-og-transport-region-midtjylland","status":"publish","type":"post","link":"https:\/\/fiuvideo.dk\/?p=91","title":{"rendered":"Jobrotation indenfor lager og transport i Region Midtjylland"},"content":{"rendered":"<p>Op til 130 lagermedarbejdere og chauff\u00f8rer p\u00e5 Lemvigh-M\u00fcllers Centrallager i Randers deltager i en bred vifte af korte og l\u00e6ngerevarende kurser.<\/p>\n","protected":false},"excerpt":{"rendered":"<p>Op til 130 lagermedarbejdere og chauff\u00f8rer p\u00e5 Lemvigh-M\u00fcllers Centrallager i Randers deltager i en bred vifte af korte og l\u00e6ngerevarende kurser.<\/p>\n","protected":false},"author":1,"featured_media":95,"comment_status":"closed","ping_status":"open","sticky":false,"template":"","format":"standard","meta":{"footnotes":""},"categories":[6],"tags":[],"yoast_head":"<!-- This site is optimized with the Yoast SEO plugin v22.2 - https:\/\/yoast.com\/wordpress\/plugins\/seo\/ -->\n<title>Jobrotation indenfor lager og transport i Region Midtjylland<\/title>\n<meta name=\"robots\" content=\"index, follow, max-snippet:-1, max-image-preview:large, max-video-preview:-1\" \/>\n<link rel=\"canonical\" href=\"https:\/\/fiuvideo.dk\/?p=91\" \/>\n<meta property=\"og:locale\" content=\"da_DK\" \/>\n<meta property=\"og:type\" content=\"article\" \/>\n<meta property=\"og:title\" content=\"Jobrotation indenfor lager og transport i Region Midtjylland\" \/>\n<meta property=\"og:description\" content=\"Op til 130 lagermedarbejdere og chauff\u00f8rer p\u00e5 Lemvigh-M\u00fcllers Centrallager i Randers deltager i en bred vifte af korte og l\u00e6ngerevarende kurser.\" \/>\n<meta property=\"og:url\" content=\"https:\/\/fiuvideo.dk\/?p=91\" \/>\n<meta property=\"og:site_name\" content=\"FIU Video\" \/>\n<meta property=\"article:published_time\" content=\"2014-03-11T23:59:23+00:00\" \/>\n<meta property=\"article:modified_time\" content=\"2014-04-08T07:15:59+00:00\" \/>\n<meta property=\"og:image\" content=\"https:\/\/fiuvideo.dk\/wp-content\/uploads\/2014\/03\/Jobrotation-indenfor-lager-og-transport-i-Region-Midtjylland.jpg\" \/>\n\t<meta property=\"og:image:width\" content=\"634\" \/>\n\t<meta property=\"og:image:height\" content=\"355\" \/>\n\t<meta property=\"og:image:type\" content=\"image\/jpeg\" \/>\n<meta name=\"author\" content=\"simon_vart.adm\" \/>\n<meta name=\"twitter:label1\" content=\"Skrevet af\" \/>\n\t<meta name=\"twitter:data1\" content=\"simon_vart.adm\" \/>\n<script type=\"application\/ld+json\" class=\"yoast-schema-graph\">{\"@context\":\"https:\/\/schema.org\",\"@graph\":[{\"@type\":\"WebPage\",\"@id\":\"https:\/\/fiuvideo.dk\/?p=91\",\"url\":\"https:\/\/fiuvideo.dk\/?p=91\",\"name\":\"Jobrotation indenfor lager og transport i Region Midtjylland\",\"isPartOf\":{\"@id\":\"https:\/\/fiuvideo.dk\/#website\"},\"primaryImageOfPage\":{\"@id\":\"https:\/\/fiuvideo.dk\/?p=91#primaryimage\"},\"image\":{\"@id\":\"https:\/\/fiuvideo.dk\/?p=91#primaryimage\"},\"thumbnailUrl\":\"https:\/\/fiuvideo.dk\/wp-content\/uploads\/2014\/03\/Jobrotation-indenfor-lager-og-transport-i-Region-Midtjylland.jpg\",\"datePublished\":\"2014-03-11T23:59:23+00:00\",\"dateModified\":\"2014-04-08T07:15:59+00:00\",\"author\":{\"@id\":\"https:\/\/fiuvideo.dk\/#\/schema\/person\/90b7181eaee3e9a1cfb899df8636e730\"},\"breadcrumb\":{\"@id\":\"https:\/\/fiuvideo.dk\/?p=91#breadcrumb\"},\"inLanguage\":\"da-DK\",\"potentialAction\":[{\"@type\":\"ReadAction\",\"target\":[\"https:\/\/fiuvideo.dk\/?p=91\"]}]},{\"@type\":\"ImageObject\",\"inLanguage\":\"da-DK\",\"@id\":\"https:\/\/fiuvideo.dk\/?p=91#primaryimage\",\"url\":\"https:\/\/fiuvideo.dk\/wp-content\/uploads\/2014\/03\/Jobrotation-indenfor-lager-og-transport-i-Region-Midtjylland.jpg\",\"contentUrl\":\"https:\/\/fiuvideo.dk\/wp-content\/uploads\/2014\/03\/Jobrotation-indenfor-lager-og-transport-i-Region-Midtjylland.jpg\",\"width\":634,\"height\":355},{\"@type\":\"BreadcrumbList\",\"@id\":\"https:\/\/fiuvideo.dk\/?p=91#breadcrumb\",\"itemListElement\":[{\"@type\":\"ListItem\",\"position\":1,\"name\":\"Home\",\"item\":\"https:\/\/fiuvideo.dk\/\"},{\"@type\":\"ListItem\",\"position\":2,\"name\":\"Jobrotation indenfor lager og transport i Region Midtjylland\"}]},{\"@type\":\"WebSite\",\"@id\":\"https:\/\/fiuvideo.dk\/#website\",\"url\":\"https:\/\/fiuvideo.dk\/\",\"name\":\"FIU Video\",\"description\":\"\",\"potentialAction\":[{\"@type\":\"SearchAction\",\"target\":{\"@type\":\"EntryPoint\",\"urlTemplate\":\"https:\/\/fiuvideo.dk\/?s={search_term_string}\"},\"query-input\":\"required name=search_term_string\"}],\"inLanguage\":\"da-DK\"},{\"@type\":\"Person\",\"@id\":\"https:\/\/fiuvideo.dk\/#\/schema\/person\/90b7181eaee3e9a1cfb899df8636e730\",\"name\":\"simon_vart.adm\",\"image\":{\"@type\":\"ImageObject\",\"inLanguage\":\"da-DK\",\"@id\":\"https:\/\/fiuvideo.dk\/#\/schema\/person\/image\/\",\"url\":\"https:\/\/secure.gravatar.com\/avatar\/5d2cc87c412d10ad8b40c2b9731161ff?s=96&d=mm&r=g\",\"contentUrl\":\"https:\/\/secure.gravatar.com\/avatar\/5d2cc87c412d10ad8b40c2b9731161ff?s=96&d=mm&r=g\",\"caption\":\"simon_vart.adm\"},\"url\":\"https:\/\/fiuvideo.dk\/?author=1\"}]}<\/script>\n<!-- \/ Yoast SEO plugin. -->","yoast_head_json":{"title":"Jobrotation indenfor lager og transport i Region Midtjylland","robots":{"index":"index","follow":"follow","max-snippet":"max-snippet:-1","max-image-preview":"max-image-preview:large","max-video-preview":"max-video-preview:-1"},"canonical":"https:\/\/fiuvideo.dk\/?p=91","og_locale":"da_DK","og_type":"article","og_title":"Jobrotation indenfor lager og transport i Region Midtjylland","og_description":"Op til 130 lagermedarbejdere og chauff\u00f8rer p\u00e5 Lemvigh-M\u00fcllers Centrallager i Randers deltager i en bred vifte af korte og l\u00e6ngerevarende kurser.","og_url":"https:\/\/fiuvideo.dk\/?p=91","og_site_name":"FIU Video","article_published_time":"2014-03-11T23:59:23+00:00","article_modified_time":"2014-04-08T07:15:59+00:00","og_image":[{"width":634,"height":355,"url":"https:\/\/fiuvideo.dk\/wp-content\/uploads\/2014\/03\/Jobrotation-indenfor-lager-og-transport-i-Region-Midtjylland.jpg","type":"image\/jpeg"}],"author":"simon_vart.adm","twitter_misc":{"Skrevet af":"simon_vart.adm"},"schema":{"@context":"https:\/\/schema.org","@graph":[{"@type":"WebPage","@id":"https:\/\/fiuvideo.dk\/?p=91","url":"https:\/\/fiuvideo.dk\/?p=91","name":"Jobrotation indenfor lager og transport i Region Midtjylland","isPartOf":{"@id":"https:\/\/fiuvideo.dk\/#website"},"primaryImageOfPage":{"@id":"https:\/\/fiuvideo.dk\/?p=91#primaryimage"},"image":{"@id":"https:\/\/fiuvideo.dk\/?p=91#primaryimage"},"thumbnailUrl":"https:\/\/fiuvideo.dk\/wp-content\/uploads\/2014\/03\/Jobrotation-indenfor-lager-og-transport-i-Region-Midtjylland.jpg","datePublished":"2014-03-11T23:59:23+00:00","dateModified":"2014-04-08T07:15:59+00:00","author":{"@id":"https:\/\/fiuvideo.dk\/#\/schema\/person\/90b7181eaee3e9a1cfb899df8636e730"},"breadcrumb":{"@id":"https:\/\/fiuvideo.dk\/?p=91#breadcrumb"},"inLanguage":"da-DK","potentialAction":[{"@type":"ReadAction","target":["https:\/\/fiuvideo.dk\/?p=91"]}]},{"@type":"ImageObject","inLanguage":"da-DK","@id":"https:\/\/fiuvideo.dk\/?p=91#primaryimage","url":"https:\/\/fiuvideo.dk\/wp-content\/uploads\/2014\/03\/Jobrotation-indenfor-lager-og-transport-i-Region-Midtjylland.jpg","contentUrl":"https:\/\/fiuvideo.dk\/wp-content\/uploads\/2014\/03\/Jobrotation-indenfor-lager-og-transport-i-Region-Midtjylland.jpg","width":634,"height":355},{"@type":"BreadcrumbList","@id":"https:\/\/fiuvideo.dk\/?p=91#breadcrumb","itemListElement":[{"@type":"ListItem","position":1,"name":"Home","item":"https:\/\/fiuvideo.dk\/"},{"@type":"ListItem","position":2,"name":"Jobrotation indenfor lager og transport i Region Midtjylland"}]},{"@type":"WebSite","@id":"https:\/\/fiuvideo.dk\/#website","url":"https:\/\/fiuvideo.dk\/","name":"FIU Video","description":"","potentialAction":[{"@type":"SearchAction","target":{"@type":"EntryPoint","urlTemplate":"https:\/\/fiuvideo.dk\/?s={search_term_string}"},"query-input":"required name=search_term_string"}],"inLanguage":"da-DK"},{"@type":"Person","@id":"https:\/\/fiuvideo.dk\/#\/schema\/person\/90b7181eaee3e9a1cfb899df8636e730","name":"simon_vart.adm","image":{"@type":"ImageObject","inLanguage":"da-DK","@id":"https:\/\/fiuvideo.dk\/#\/schema\/person\/image\/","url":"https:\/\/secure.gravatar.com\/avatar\/5d2cc87c412d10ad8b40c2b9731161ff?s=96&d=mm&r=g","contentUrl":"https:\/\/secure.gravatar.com\/avatar\/5d2cc87c412d10ad8b40c2b9731161ff?s=96&d=mm&r=g","caption":"simon_vart.adm"},"url":"https:\/\/fiuvideo.dk\/?author=1"}]}},"_links":{"self":[{"href":"https:\/\/fiuvideo.dk\/index.php?rest_route=\/wp\/v2\/posts\/91"}],"collection":[{"href":"https:\/\/fiuvideo.dk\/index.php?rest_route=\/wp\/v2\/posts"}],"about":[{"href":"https:\/\/fiuvideo.dk\/index.php?rest_route=\/wp\/v2\/types\/post"}],"author":[{"embeddable":true,"href":"https:\/\/fiuvideo.dk\/index.php?rest_route=\/wp\/v2\/users\/1"}],"replies":[{"embeddable":true,"href":"https:\/\/fiuvideo.dk\/index.php?rest_route=%2Fwp%2Fv2%2Fcomments&post=91"}],"version-history":[{"count":7,"href":"https:\/\/fiuvideo.dk\/index.php?rest_route=\/wp\/v2\/posts\/91\/revisions"}],"predecessor-version":[{"id":233,"href":"https:\/\/fiuvideo.dk\/index.php?rest_route=\/wp\/v2\/posts\/91\/revisions\/233"}],"wp:featuredmedia":[{"embeddable":true,"href":"https:\/\/fiuvideo.dk\/index.php?rest_route=\/wp\/v2\/media\/95"}],"wp:attachment":[{"href":"https:\/\/fiuvideo.dk\/index.php?rest_route=%2Fwp%2Fv2%2Fmedia&parent=91"}],"wp:term":[{"taxonomy":"category","embeddable":true,"href":"https:\/\/fiuvideo.dk\/index.php?rest_route=%2Fwp%2Fv2%2Fcategories&post=91"},{"taxonomy":"post_tag","embeddable":true,"href":"https:\/\/fiuvideo.dk\/index.php?rest_route=%2Fwp%2Fv2%2Ftags&post=91"}],"curies":[{"name":"wp","href":"https:\/\/api.w.org\/{rel}","templated":true}]}}